{"id":166,"date":"2021-02-07T10:38:07","date_gmt":"2021-02-07T10:38:07","guid":{"rendered":"http:\/\/chakanaancestral.com\/blog\/?p=166"},"modified":"2021-02-07T10:42:00","modified_gmt":"2021-02-07T10:42:00","slug":"migranas","status":"publish","type":"post","link":"https:\/\/chakanaancestral.com\/blog\/index.php\/2021\/02\/07\/migranas\/","title":{"rendered":"Migra\u00f1as"},"content":{"rendered":"\n<p>En biodecodificacion el dolor de cabeza, las jaquecas y las migra\u00f1as nos hablan de: \u201cuna desvalorizaci\u00f3n intelectual\u201d, \u201cnecesito encontrar una respuesta\u201d, \u201cno puedo pensar\u201d.<\/p>\n\n\n\n<p>Las personas que sufren de migra\u00f1a \u00ables gusta tener la raz\u00f3n\u201d, y viven su vida de una manera \u201cintelectual\u201d, \u201cracional\u201d. Son personas que si t\u00fa les preguntas de qu\u00e9 color es el cielo, ellos te van a dar una repuesta m\u00e1s completa que un simple, \u201cel cielo es celeste\u201d.<\/p>\n\n\n\n<p>Y son personas que no pueden ver que el otro tenga la raz\u00f3n, quiz\u00e1s hasta se den cuenta que el otro tenga la raz\u00f3n, pero ellos sienten que no pueden aceptar eso.<\/p>\n\n\n\n<p>Son personas que desde peque\u00f1os tuvieron a alguien (padres, hermanos, amigos etc.) que siempre \u201clucho por no darles la raz\u00f3n\u201d.<\/p>\n\n\n\n<p>Esta persona les hizo sentir fuertemente o sutilmente \u201cque ellos no ten\u00edan la raz\u00f3n diariamente\u201d. Por esta raz\u00f3n la persona que sufre de migra\u00f1a siente hoy que tiene que demostrar \u201cque es inteligente\u201d, \u201cque piensa bien\u201d.<\/p>\n\n\n\n<p>Como dije, estas personas son muy intelectuales y racionales, lo que no quiere decir que, porque padezcan de migra\u00f1as no sean inteligentes, todo lo contrario, \u00a1ALGUIEN LOS HIZO SENTIR QUE NO LO ERAN! Ya que hay muchas personas que son intelectuales y racionales que no padecen de migra\u00f1as, porque no tuvieron a alguien que los hac\u00eda sentir menos intelectualmente.<\/p>\n\n\n\n<p>Quiz\u00e1s hoy no tengan contacto con esta persona que los hac\u00eda sentir as\u00ed, pero tienen un marido, esposa, hijos, jefe etc. que los hace sentir de esta manera, ya que ellos ya y llevan un programa de \u201cinferioridad intelectual\u201d.<\/p>\n\n\n\n<p>Y c\u00f3mo sano la migra\u00f1a?<br>Como todos los s\u00edntomas:<\/p>\n\n\n\n<p>1- Toma de conciencia! Y esto significa que ahora ya entiendes porque te dan las migra\u00f1as. Ya encontraste el programa que te causa este dolor, y adem\u00e1s entiendes quien hoy te recuerda esa emoci\u00f3n que sent\u00edas cuando \u201ctu intelecto fue puesto en duda.<\/p>\n\n\n\n<p>2- Cambiar el chip!, entender que eres inteligente, que puedes pensar solo y que no tienes que tener la raz\u00f3n. Quiz\u00e1s tu tengas la raz\u00f3n. Pero entrar en lucha para demostrar esto solo TE ENFERMA A TI.<br>Entonces ser\u00eda buena analizar si \u201crealmente es m\u00e1s importante demostrar que tienes raz\u00f3n, o no tener una migra\u00f1a?\u201d<\/p>\n\n\n\n<p>Todo en la vida es un tema de perspectiva, y cuando cambiamos la perspectiva podemos mirar diferente, sentir diferente \u2026.. y ah\u00ed llega la sanaci\u00f3n.<\/p>\n\n\n\n<figure class=\"wp-block-image size-large\"><img loading=\"lazy\" width=\"663\" height=\"379\" src=\"https:\/\/chakanaancestral.com\/blog\/wp-content\/uploads\/2021\/02\/28.jpg\" alt=\"\" class=\"wp-image-167\" srcset=\"https:\/\/chakanaancestral.com\/blog\/wp-content\/uploads\/2021\/02\/28.jpg 663w, https:\/\/chakanaancestral.com\/blog\/wp-content\/uploads\/2021\/02\/28-300x171.jpg 300w\" sizes=\"(max-width: 663px) 100vw, 663px\" \/><\/figure>\n","protected":false},"excerpt":{"rendered":"<p>En biodecodificacion el dolor de cabeza, las jaquecas y las migra\u00f1as nos hablan de: \u201cuna desvalorizaci\u00f3n intelectual\u201d, \u201cnecesito encontrar una respuesta\u201d, \u201cno puedo pensar\u201d. Las personas que sufren de migra\u00f1a&hellip; <\/p>\n","protected":false},"author":2,"featured_media":167,"comment_status":"open","ping_status":"open","sticky":false,"template":"","format":"standard","meta":{"_mi_skip_tracking":false},"categories":[8],"tags":[],"aioseo_notices":[],"_links":{"self":[{"href":"https:\/\/chakanaancestral.com\/blog\/index.php\/wp-json\/wp\/v2\/posts\/166"}],"collection":[{"href":"https:\/\/chakanaancestral.com\/blog\/index.php\/wp-json\/wp\/v2\/posts"}],"about":[{"href":"https:\/\/chakanaancestral.com\/blog\/index.php\/wp-json\/wp\/v2\/types\/post"}],"author":[{"embeddable":true,"href":"https:\/\/chakanaancestral.com\/blog\/index.php\/wp-json\/wp\/v2\/users\/2"}],"replies":[{"embeddable":true,"href":"https:\/\/chakanaancestral.com\/blog\/index.php\/wp-json\/wp\/v2\/comments?post=166"}],"version-history":[{"count":1,"href":"https:\/\/chakanaancestral.com\/blog\/index.php\/wp-json\/wp\/v2\/posts\/166\/revisions"}],"predecessor-version":[{"id":168,"href":"https:\/\/chakanaancestral.com\/blog\/index.php\/wp-json\/wp\/v2\/posts\/166\/revisions\/168"}],"wp:featuredmedia":[{"embeddable":true,"href":"https:\/\/chakanaancestral.com\/blog\/index.php\/wp-json\/wp\/v2\/media\/167"}],"wp:attachment":[{"href":"https:\/\/chakanaancestral.com\/blog\/index.php\/wp-json\/wp\/v2\/media?parent=166"}],"wp:term":[{"taxonomy":"category","embeddable":true,"href":"https:\/\/chakanaancestral.com\/blog\/index.php\/wp-json\/wp\/v2\/categories?post=166"},{"taxonomy":"post_tag","embeddable":true,"href":"https:\/\/chakanaancestral.com\/blog\/index.php\/wp-json\/wp\/v2\/tags?post=166"}],"curies":[{"name":"wp","href":"https:\/\/api.w.org\/{rel}","templated":true}]}}